{"id":1,"date":"2024-10-16T10:01:00","date_gmt":"2024-10-16T08:01:00","guid":{"rendered":"http:\/\/www.tatryprevsetkych.sk\/?p=1"},"modified":"2026-04-24T17:32:09","modified_gmt":"2026-04-24T15:32:09","slug":"ahoj-svet","status":"publish","type":"post","link":"https:\/\/www.tatryprevsetkych.sk\/?p=1","title":{"rendered":"Na\u0161a ponuka"},"content":{"rendered":"<div class=\"wp-block-image is-style-default\">\n<figure class=\"aligncenter size-large is-resized\"><a href=\"https:\/\/www.tatryprevsetkych.sk\/wp-content\/uploads\/2021\/08\/farebne-RGB-tatry-pre-vsetkych-2021-druha-varianta-e1627890304859.jpg\"><img loading=\"lazy\" decoding=\"async\" width=\"1024\" height=\"676\" src=\"https:\/\/www.tatryprevsetkych.sk\/wp-content\/uploads\/2021\/08\/farebne-RGB-tatry-pre-vsetkych-2021-druha-varianta-1024x676.jpg\" alt=\"\" class=\"wp-image-96\" style=\"width:361px;height:238px\"\/><\/a><\/figure><\/div>\n\n<div data-contents=\"true\">\n<div class=\"\" data-block=\"true\" data-editor=\"d4j6t\" data-offset-key=\"cr3dj-0-0\">\n<div class=\"_1mf _1mj\" style=\"text-align: center;\" data-offset-key=\"cr3dj-0-0\"><strong><span style=\"color: #ff0000;\"><span style=\"color: #ff0000;\">JAR 2026. &#8211; pobyty ukon\u010den\u00e9.<\/span><\/span><\/strong><\/div>\n<div style=\"text-align: center;\" data-offset-key=\"cr3dj-0-0\">\u00a0<\/div>\n<div style=\"text-align: center;\" data-offset-key=\"cr3dj-0-0\"><span style=\"font-size: revert; color: initial;\">Ako prev\u00e1dzkovate\u013e ubytovacieho zariadenia <\/span><a style=\"font-size: revert;\" href=\"http:\/\/www.vila-kosodrevina.sk\" target=\"_blank\" rel=\"noopener noreferrer\">Vila Kosodrevina<\/a><span style=\"font-size: revert; color: initial;\"> na \u0160trbskom Plese sme sa rozhodli, \u017ee by sme radi vyu\u017eili vo\u013en\u00e9 postele mimo sez\u00f3nu a pon\u00fakli ich pre t\u00fdch, ktor\u00ed si ich za be\u017en\u00fdch okolnost\u00ed nem\u00f4\u017eu dovoli\u0165.\u00a0 Preto\u017ee Vysok\u00e9 Tatry s\u00fa tu pre v\u0161etk\u00fdch bez oh\u013eadu na obsah pe\u0148a\u017eenky.<\/span><\/div>\n<div data-offset-key=\"cr3dj-0-0\">\u00a0<\/div>\n<div data-offset-key=\"cr3dj-0-0\">\n<p>Preto v term\u00ednoch <strong><span style=\"color: #ff0000;\">13.4.2026 &#8211; 23.4.2026<\/span>\u00a0\u00a0<\/strong>pon\u00fakame <strong>BEZPLATN\u00c9 UBYTOVANIE<\/strong> pre v\u0161etk\u00fdch <strong>soci\u00e1lne slab\u0161\u00edch a finan\u010dne znev\u00fdhodnen\u00fdch milovn\u00edkov Tatier<\/strong>.\u00a0\u00a0<\/p>\n<\/div>\n<p style=\"text-align: center;\"><strong>V\u0161eobecn\u00e9 inform\u00e1cie k pobytu:<\/strong><\/p>\n<p style=\"text-align: center;\">\u00a0&#8211; je to mimosez\u00f3na, m\u00f4\u017eu v tom \u010dase by\u0165 v\u00fdluky lanoviek, elektri\u010diek (b\u00fdva<br \/>zabezpe\u010den\u00e1 n\u00e1hradn\u00e1 doprava) at\u010f.<br \/>&#8211; na izb\u00e1ch s\u00fa periny s oblie\u010dkami. Uter\u00e1ky a osu\u0161ky nie.<br \/>&#8211; stravu nezabezpe\u010dujeme, ka\u017ed\u00e1 izba m\u00e1 kuchynku so z\u00e1kladn\u00fdm vybaven\u00edm, k\u00fape\u013e\u0148u. Popis n\u00e1jdete na <a href=\"http:\/\/www.vila-kosodrevina.sk\" target=\"_blank\" rel=\"noopener\">www.vila-kosodrevina.sk<\/a><br \/>&#8211; V budove nem\u00e1me v\u00fd\u0165ah, v\u00e4\u010d\u0161ina izieb je na 2 poschod\u00ed. Ak je to probl\u00e9m, dajte n\u00e1m vedie\u0165.<br \/>&#8211; ak nem\u00f4\u017eete pr\u00eds\u0165 na potvrden\u00fd pobyt, dajte n\u00e1m vedie\u0165 \u010do najsk\u00f4r, aby sa term\u00edn zbyto\u010dne neblokoval a nepripravovali sme izbu zbyto\u010dne.<br \/>&#8211; ubytovanie so zvieratami nie je mo\u017en\u00e9.<br \/>&#8211; pr\u00edchod je obvykle prv\u00fd de\u0148 po 14:00 hod, odchod je posledn\u00fd de\u0148 pobytu<br \/>do 10:00 hod. ak sa nedohodneme inak\u00a0<\/p>\n<p style=\"text-align: center;\"><strong><span style=\"color: #ff0000;\">Bezplatn\u00e9 pobyty rob\u00edme pre \u013eud\u00ed, ktor\u00ed si ich nem\u00f4\u017eu norm\u00e1lne aktu\u00e1lne dovoli\u0165. Tak\u017ee pros\u00edm nech sa hl\u00e1si len ten, \u010do na to naozaj nem\u00e1. Prihlasuje sa na email <a href=\"mailto:info@tatryprevsetkych.sk\" target=\"_blank\" rel=\"noopener\">info@tatryprevsetkych.sk<\/a> Pros\u00edm nap\u00edsa\u0165 kto ste, pre\u010do chcete pr\u00eds\u0165, ko\u013eko os\u00f4b, term\u00edn ktor\u00fd by V\u00e1m vyhovoval (z hore uveden\u00e9ho rozsahu), a tie\u017e ak s\u00fa probl\u00e9m schody alebo m\u00e1te voz\u00ed\u010dek a pod. \u010eakujem.<\/span><\/strong><\/p>\n<\/div>\n<\/div>\n<p>T\u00fato aktivitu sme za\u010dali v jeseni\u00a0 2014 bez nejak\u00fdch ve\u013ek\u00fdch pravidiel a pokra\u010dujeme v nej v\u017edy na jese\u0148 a jar. Nap\u00edsa\u0165 n\u00e1m m\u00f4\u017ee ka\u017ed\u00fd, kto by do Tatier r\u00e1d pri\u0161iel aj v mimosez\u00f3nnom obdob\u00ed, ale jeho pe\u0148a\u017eenka mu to nedovo\u013euje. \u010ci u\u017e sa jedn\u00e1 o jednotlivca, dvojicu \u010di rodinu. Pobyt nie je n\u00e1rokovate\u013en\u00fd a je na na\u0161om rozhodnut\u00ed, koho \u017eiados\u0165 akceptujeme.<\/p>\n<p>Na z\u00e1klade sk\u00fasenost\u00ed z minul\u00fdch rokov od roku 2017 zav\u00e1dzame nieko\u013eko pravidiel:<\/p>\n<ul>\n<li>pobyty s\u00fa pre \u013eud\u00ed, ktor\u00ed si ich <strong>be\u017ene nem\u00f4\u017eu finan\u010dne dovoli\u0165<\/strong><\/li>\n<li><strong>rob\u00edme iba individu\u00e1lne pobyty<\/strong> (t.j. jednotlivec, p\u00e1r, rodina a pod., &#8211; nie skupiny, ktor\u00e9 niekto organizuje)<\/li>\n<li><strong>ka\u017ed\u00fd sa m\u00f4\u017ee z\u00fa\u010dastni\u0165 pobytu u n\u00e1s max. 2x.<\/strong> Prednos\u0165 m\u00e1 ten, kto u n\u00e1s e\u0161te nebol.\u00a0<em>&#8211;\u00a0<\/em><\/li>\n<li><strong>n\u00e1stup na pobyt je mo\u017en\u00fd len po\u010das pracovn\u00fdch dn\u00ed t.j. pondelok-piatok <\/strong>(pobyt m\u00f4\u017ee by\u0165 aj cez v\u00edkend, ale pr\u00edchod len cez pracovn\u00e9 dni)<strong>.<\/strong><\/li>\n<li><strong>d\u013a\u017eka pobytu 2-7 noc\u00ed <\/strong><\/li>\n<li><strong>vyhradzujeme si pr\u00e1vo aj potvrden\u00fd term\u00edn presun\u00fa\u0165 na in\u00fd \u010das<\/strong> &#8211; <em>nepredpoklad\u00e1m, \u017ee by sa to st\u00e1valo \u010dasto, ale v minulosti sme museli odmietnu\u0165 aj objedn\u00e1vku platiacej skupiny, preto\u017ee n\u00e1m ch\u00fdbala jedna izba, ktor\u00e1 u\u017e bola s\u013e\u00faben\u00e1 ako bezplatn\u00e1. Samozrejme tak\u00fato zmenu ozn\u00e1mime.<\/em><\/li>\n<li><strong>ubytovanie so zvieratami nie je mo\u017en\u00e9.<\/strong><\/li>\n<\/ul>\n<p>Z pravidiel <strong>v od\u00f4vodnen\u00fdch pr\u00edpadoch m\u00f4\u017eeme urobi\u0165 v\u00fdnimku<\/strong>, tak pr\u00edpadne nap\u00ed\u0161te a uvid\u00edme. Pobyt u n\u00e1s je <strong>DAR<\/strong>, ktor\u00fd chceme aby si obdarovan\u00fd vychutnal, ale z\u00e1rove\u0148 aby n\u00e1m neprid\u00e1val viac pr\u00e1ce a mali sme trochu oddych v obdob\u00ed mimo sez\u00f3nu.\u00a0\u00a0 A tak sme mali v\u0161etci z tejto akcie dobr\u00fd pocit \ud83d\ude42<\/p>\n<p>Vila Kosodrevina sa nach\u00e1dza priamo v centre Vysok\u00fdch Tatier na \u0160trbskom Plese. Poskytuje ubytovanie rodinn\u00e9ho typu. Ka\u017ed\u00e1 izba m\u00e1 svoje soci\u00e1lne zariadenia (toaletu, k\u00fape\u013e\u0148u) a je vybaven\u00e1 zariadenou kuchynkou.<br \/>300 m od Kosodreviny sa nach\u00e1dza samoobsluha s potravinami,\u00a0 \u0161portov\u00e9 obchody, re\u0161taur\u00e1cia. V rovnakej vzdialenosti tatransk\u00e1 elektrick\u00e1 \u017eeleznica, so spojen\u00edm do Star\u00e9ho Smokovca, Popradu a \u0160trby.\u00a0 V bl\u00edzkosti Kosodreviny s\u00fa n\u00e1stupov\u00e9 chodn\u00edky na horsk\u00fa turistiku.<\/p>\n<p>Ak si chcete v jesenn\u00fdch \u010di jarn\u00fdch mesiacoch odd\u00fdchnu\u0165 a pr\u00eds\u0165 do Vysok\u00fdch Tatier, sta\u010d\u00ed sa n\u00e1m ozva\u0165 a dohodn\u00fa\u0165 si term\u00edn, kontaktujte n\u00e1s:<br \/><strong>Email:<\/strong>\u00a0 <a href=\"mailto:info@tatryprevsetkych.sk\">info@tatryprevsetkych.sk<\/a> , Prihl\u00e1\u0161ky akceptujeme iba emailom a vybavujeme v porad\u00ed ako prich\u00e1dzaj\u00fa. Na spr\u00e1vy v komentoch, cez messanger, FB a pod. z \u010dasov\u00fdch d\u00f4vodov neodpoved\u00e1me.<\/p>\n<p><strong>Telefonick\u00fd kontakt (len v nutn\u00fdch pr\u00edpadoch)<\/strong> 0910 979 213, Viliam Dubiel<\/p>\n<p>\u010eakujeme a te\u0161\u00edme sa na stretnutie na \u0160trbskom Plese.<\/p>\n<div>\u0160tatistika po\u010dtu bezplatne ubytovan\u00fdch&#8230;<\/div>\n<div>Jar 2015 &#8230;89<br \/>Jese\u0148 2015..53<br \/>Jar 2016..28<br \/>Jese\u0148 2016..76<br \/>Jar 2017.. 34<br \/>Jese\u0148 2017..42<br \/>Jar 2018 ..96<\/div>\n<div>Jese\u0148 2018 &#8230; 54 os\u00f4b<\/div>\n<div>jar 2019 &#8230;.16<\/div>\n<div>jese\u0148 2019&#8230;143<\/div>\n<div>jar 2020&#8230;48<\/div>\n<div>jar 2021&#8230;.26<\/div>\n<div>leto 2021&#8230;.8<\/div>\n<div>jar 2022&#8230;.55<\/div>\n<div>jese\u0148 2022&#8230;.99<\/div>\n<div>jar 2023 &#8230;.8<\/div>\n<div>jese\u0148 2023&#8230;.44<\/div>\n<div>jar 2024&#8230;..46<\/div>\n<div>jese\u0148 2024&#8230;.35<\/div>\n<div>jar 2025&#8230;.42<\/div>\n<div>jese\u0148 2025&#8230;. 26<\/div>\n<div>jar 2026&#8230;.14<\/div>\n<div>Spolu: 1082 host\u00ed<\/div>","protected":false},"excerpt":{"rendered":"<p>JAR 2026. &#8211; pobyty ukon\u010den\u00e9. \u00a0 Ako prev\u00e1dzkovate\u013e ubytovacieho zariadenia Vila Kosodrevina na \u0160trbskom Plese sme sa rozhodli, \u017ee by sme radi vyu\u017eili vo\u013en\u00e9 postele mimo sez\u00f3nu a pon\u00fakli ich pre t\u00fdch, ktor\u00ed si ich za be\u017en\u00fdch okolnost\u00ed nem\u00f4\u017eu dovoli\u0165.\u00a0 Preto\u017ee Vysok\u00e9 Tatry s\u00fa tu pre v\u0161etk\u00fdch bez oh\u013eadu na obsah pe\u0148a\u017eenky. \u00a0 Preto v &hellip; <\/p>\n<p class=\"link-more\"><a href=\"https:\/\/www.tatryprevsetkych.sk\/?p=1\" class=\"more-link\">Pokra\u010dova\u0165 v \u010d\u00edtan\u00ed<span class=\"screen-reader-text\"> &#8222;Na\u0161a ponuka&#8220;<\/span><\/a><\/p>\n","protected":false},"author":1,"featured_media":0,"comment_status":"open","ping_status":"closed","sticky":true,"template":"","format":"standard","meta":{"_monsterinsights_skip_tracking":false,"_monsterinsights_sitenote_active":false,"_monsterinsights_sitenote_note":"","_monsterinsights_sitenote_category":0,"footnotes":""},"categories":[1],"tags":[],"class_list":["post-1","post","type-post","status-publish","format-standard","hentry","category-nezaradene"],"_links":{"self":[{"href":"https:\/\/www.tatryprevsetkych.sk\/index.php?rest_route=\/wp\/v2\/posts\/1"}],"collection":[{"href":"https:\/\/www.tatryprevsetkych.sk\/index.php?rest_route=\/wp\/v2\/posts"}],"about":[{"href":"https:\/\/www.tatryprevsetkych.sk\/index.php?rest_route=\/wp\/v2\/types\/post"}],"author":[{"embeddable":true,"href":"https:\/\/www.tatryprevsetkych.sk\/index.php?rest_route=\/wp\/v2\/users\/1"}],"replies":[{"embeddable":true,"href":"https:\/\/www.tatryprevsetkych.sk\/index.php?rest_route=%2Fwp%2Fv2%2Fcomments&post=1"}],"version-history":[{"count":90,"href":"https:\/\/www.tatryprevsetkych.sk\/index.php?rest_route=\/wp\/v2\/posts\/1\/revisions"}],"predecessor-version":[{"id":211,"href":"https:\/\/www.tatryprevsetkych.sk\/index.php?rest_route=\/wp\/v2\/posts\/1\/revisions\/211"}],"wp:attachment":[{"href":"https:\/\/www.tatryprevsetkych.sk\/index.php?rest_route=%2Fwp%2Fv2%2Fmedia&parent=1"}],"wp:term":[{"taxonomy":"category","embeddable":true,"href":"https:\/\/www.tatryprevsetkych.sk\/index.php?rest_route=%2Fwp%2Fv2%2Fcategories&post=1"},{"taxonomy":"post_tag","embeddable":true,"href":"https:\/\/www.tatryprevsetkych.sk\/index.php?rest_route=%2Fwp%2Fv2%2Ftags&post=1"}],"curies":[{"name":"wp","href":"https:\/\/api.w.org\/{rel}","templated":true}]}}